{"id":20610,"date":"2026-04-29T14:36:03","date_gmt":"2026-04-29T12:36:03","guid":{"rendered":"https:\/\/breyer-rechtsanwaelte.de\/?p=20610"},"modified":"2026-04-29T14:36:03","modified_gmt":"2026-04-29T12:36:03","slug":"fakultaetskarrieretag-jura-uni-tuebingen-2026","status":"publish","type":"post","link":"https:\/\/breyer-rechtsanwaelte.de\/en\/fakultaetskarrieretag-jura-uni-tuebingen-2026\/","title":{"rendered":"Fakult\u00e4tskarrieretag Jura Uni T\u00fcbingen 2026"},"content":{"rendered":"","protected":false},"excerpt":{"rendered":"<p>Auf dem Fakult\u00e4tskarrieretag der Juristischen Fakult\u00e4t der Universit\u00e4t T\u00fcbingen begr\u00fc\u00dften wir gestern Studierende an unserem Stand. <\/p>\n<p>Julius Kinzelmann und Katharina Breyer informierten dabei die Studierenden \u00fcber den Anwaltsberuf, Referendariat und Praktika bei uns. <\/p>\n<p>Wir haben uns sehr \u00fcber die anregenden Gespr\u00e4che und das Interesse an unseren Programmen gefreut!<\/p>","protected":false},"author":2,"featured_media":20608,"comment_status":"closed","ping_status":"open","sticky":false,"template":"","format":"standard","meta":{"_acf_changed":false,"footnotes":""},"categories":[31],"tags":[],"class_list":["post-20610","post","type-post","status-publish","format-standard","has-post-thumbnail","hentry","category-aktuelles"],"acf":[],"_links":{"self":[{"href":"https:\/\/breyer-rechtsanwaelte.de\/en\/wp-json\/wp\/v2\/posts\/20610","targetHints":{"allow":["GET"]}}],"collection":[{"href":"https:\/\/breyer-rechtsanwaelte.de\/en\/wp-json\/wp\/v2\/posts"}],"about":[{"href":"https:\/\/breyer-rechtsanwaelte.de\/en\/wp-json\/wp\/v2\/types\/post"}],"author":[{"embeddable":true,"href":"https:\/\/breyer-rechtsanwaelte.de\/en\/wp-json\/wp\/v2\/users\/2"}],"replies":[{"embeddable":true,"href":"https:\/\/breyer-rechtsanwaelte.de\/en\/wp-json\/wp\/v2\/comments?post=20610"}],"version-history":[{"count":2,"href":"https:\/\/breyer-rechtsanwaelte.de\/en\/wp-json\/wp\/v2\/posts\/20610\/revisions"}],"predecessor-version":[{"id":20612,"href":"https:\/\/breyer-rechtsanwaelte.de\/en\/wp-json\/wp\/v2\/posts\/20610\/revisions\/20612"}],"wp:featuredmedia":[{"embeddable":true,"href":"https:\/\/breyer-rechtsanwaelte.de\/en\/wp-json\/wp\/v2\/media\/20608"}],"wp:attachment":[{"href":"https:\/\/breyer-rechtsanwaelte.de\/en\/wp-json\/wp\/v2\/media?parent=20610"}],"wp:term":[{"taxonomy":"category","embeddable":true,"href":"https:\/\/breyer-rechtsanwaelte.de\/en\/wp-json\/wp\/v2\/categories?post=20610"},{"taxonomy":"post_tag","embeddable":true,"href":"https:\/\/breyer-rechtsanwaelte.de\/en\/wp-json\/wp\/v2\/tags?post=20610"}],"curies":[{"name":"wp","href":"https:\/\/api.w.org\/{rel}","templated":true}]}}