{"id":3241,"date":"2022-09-01T14:27:16","date_gmt":"2022-09-01T12:27:16","guid":{"rendered":"https:\/\/breyer-rechtsanwaelte.de\/?p=3241"},"modified":"2024-09-23T15:34:38","modified_gmt":"2024-09-23T13:34:38","slug":"dr-breyer-sprecher-auf-congresso-internacional-ibdic-2022","status":"publish","type":"post","link":"https:\/\/breyer-rechtsanwaelte.de\/en\/dr-breyer-sprecher-auf-congresso-internacional-ibdic-2022\/","title":{"rendered":"Dr Breyer speaker at Congresso Internacional IBDiC 2022"},"content":{"rendered":"<div data-elementor-type=\"wp-post\" data-elementor-id=\"3241\" class=\"elementor elementor-3241\" data-elementor-post-type=\"post\">\n\t\t\t\t<div class=\"elementor-element elementor-element-3fa1aea e-con-full e-flex e-con e-parent\" data-id=\"3fa1aea\" data-element_type=\"container\" data-e-type=\"container\">\n\t\t\t\t<div class=\"elementor-element elementor-element-1d3e9b2 elementor-widget elementor-widget-text-editor\" data-id=\"1d3e9b2\" data-element_type=\"widget\" data-e-type=\"widget\" data-widget_type=\"text-editor.default\">\n\t\t\t\t\t\t\t\t\t<p>Further information is available at: <a href=\"https:\/\/www.linkedin.com\/company\/ibdic\/posts\/?feedView=all\" target=\"_blank\" rel=\"noopener nofollow\">https:\/\/www.linkedin.com\/company\/ibdic\/posts\/?feedView=all<\/a><\/p>\t\t\t\t\t\t\t\t<\/div>\n\t\t\t\t<\/div>\n\t\t\t\t<\/div>","protected":false},"excerpt":{"rendered":"<p>Dr Wolfgang Breyer, eponymous partner of the law firm Breyer Rechtsanw\u00e4lte, was a speaker at the Instituto Brasileiro de Direito da Constru\u00e7\u00e3o event in S\u00e3o Paulo. Among other things, he spoke about solutions to the problem of additional costs caused by delays in a construction project.<\/p>","protected":false},"author":1,"featured_media":3243,"comment_status":"closed","ping_status":"open","sticky":false,"template":"","format":"standard","meta":{"_acf_changed":false,"footnotes":""},"categories":[31],"tags":[],"class_list":["post-3241","post","type-post","status-publish","format-standard","has-post-thumbnail","hentry","category-aktuelles"],"acf":[],"_links":{"self":[{"href":"https:\/\/breyer-rechtsanwaelte.de\/en\/wp-json\/wp\/v2\/posts\/3241","targetHints":{"allow":["GET"]}}],"collection":[{"href":"https:\/\/breyer-rechtsanwaelte.de\/en\/wp-json\/wp\/v2\/posts"}],"about":[{"href":"https:\/\/breyer-rechtsanwaelte.de\/en\/wp-json\/wp\/v2\/types\/post"}],"author":[{"embeddable":true,"href":"https:\/\/breyer-rechtsanwaelte.de\/en\/wp-json\/wp\/v2\/users\/1"}],"replies":[{"embeddable":true,"href":"https:\/\/breyer-rechtsanwaelte.de\/en\/wp-json\/wp\/v2\/comments?post=3241"}],"version-history":[{"count":0,"href":"https:\/\/breyer-rechtsanwaelte.de\/en\/wp-json\/wp\/v2\/posts\/3241\/revisions"}],"wp:featuredmedia":[{"embeddable":true,"href":"https:\/\/breyer-rechtsanwaelte.de\/en\/wp-json\/wp\/v2\/media\/3243"}],"wp:attachment":[{"href":"https:\/\/breyer-rechtsanwaelte.de\/en\/wp-json\/wp\/v2\/media?parent=3241"}],"wp:term":[{"taxonomy":"category","embeddable":true,"href":"https:\/\/breyer-rechtsanwaelte.de\/en\/wp-json\/wp\/v2\/categories?post=3241"},{"taxonomy":"post_tag","embeddable":true,"href":"https:\/\/breyer-rechtsanwaelte.de\/en\/wp-json\/wp\/v2\/tags?post=3241"}],"curies":[{"name":"wp","href":"https:\/\/api.w.org\/{rel}","templated":true}]}}